{"id":98,"date":"2012-07-20T09:40:30","date_gmt":"2012-07-20T07:40:30","guid":{"rendered":"http:\/\/czytam-kupuje.yggdrasil.pl\/2012\/07\/20\/nowy-weekend-z-fabryka-pl\/"},"modified":"2012-07-20T09:40:30","modified_gmt":"2012-07-20T07:40:30","slug":"nowy-weekend-z-fabryka-pl","status":"publish","type":"post","link":"https:\/\/czytam-kupuje.pl\/index.php\/2012\/07\/20\/nowy-weekend-z-fabryka-pl\/","title":{"rendered":"Nowy Weekend z Fabryk\u0105.pl"},"content":{"rendered":"<p>\u00a0<\/p>\n<p style=\"text-align: justify;\"><span style=\"line-height: normal; color: #000000; font-family: Verdana, Arial, sans-serif; text-align: justify;\"><a href=\"http:\/\/www.fabryka.pl\/\"><\/a>Wsp\u00f3lnie ze\u00a0<\/span><a href=\"http:\/\/www.fabryka.pl\/\" style=\"line-height: normal; font-family: Verdana, Arial, sans-serif; text-align: justify;\"><strong>sklepem internetowym Fabryka.pl<\/strong>\u00a0<\/a><span style=\"line-height: normal; color: #000000; font-family: Verdana, Arial, sans-serif; text-align: justify;\">przygotowali\u015bmy dla Was konkurs, w kt\u00f3rym mo\u017cna wygra\u0107 zestawy nagr\u00f3d z\u0142o\u017cone z bon\u00f3w na zakupy oraz ksi\u0105\u017cek.<\/span><\/p>\n<p style=\"text-align: justify;\"><a href=\"http:\/\/www.fabryka.pl\/\" style=\"font-family: Verdana, Arial, sans-serif; line-height: normal; text-align: justify;\">Fabryka.pl to sklep internetowy<\/a><span style=\"color: #000000; font-family: Verdana, Arial, sans-serif; line-height: normal; text-align: justify;\">\u00a0sprzedaj\u0105cy kultur\u0119, rozrywk\u0119 i wiedz\u0119. Dysponujemy szerok\u0105 ofert\u0105 wydawnicz\u0105. Nasz\u0105 ambicj\u0105 jest dzia\u0142anie zawsze ponad norm\u0119, proponuj\u0105c lepsze oferty, bardziej zaanga\u017cowany zesp\u00f3\u0142 i atrakcyjniejsze ceny ni\u017c inne sklepy.<\/span><\/p>\n<p style=\"text-align: justify;\"><span style=\"color: #000000; font-family: Verdana, Arial, sans-serif; line-height: normal; text-align: justify;\"><br \/><\/span><\/p>\n<p style=\"text-align: justify;\"><span style=\"color: #000000; font-family: Verdana, Arial, sans-serif; line-height: normal; text-align: justify;\"><br \/><\/span><\/p>\n<p style=\"text-align: justify;\"><span style=\"color: #000000; font-family: Verdana, Arial, sans-serif; line-height: normal; text-align: justify;\"><br \/><\/span><\/p>\n<p>  <!--more-->  <\/p>\n<p style=\"text-align: justify;\"><span style=\"color: #000000; font-family: Verdana, Arial, sans-serif; line-height: normal;\">Do wygrania mamy dwa zestawy nagr\u00f3d.<\/span><\/p>\n<p style=\"text-align: justify;\"><strong><span style=\"color: #000000; font-family: Verdana, Arial, sans-serif;\"><span style=\"line-height: normal;\">Zestaw 1:<\/span><\/span><\/strong><\/p>\n<p style=\"text-align: justify;\"><strong><span style=\"color: #000000; font-family: Verdana, Arial, sans-serif;\"><span style=\"line-height: normal;\">bon o warto\u015bci 50 z\u0142<\/span><\/span><\/strong><\/p>\n<p style=\"text-align: justify;\"><span style=\"color: #000000; font-family: Verdana, Arial, sans-serif;\"><span style=\"line-height: normal;\"><strong>Ksi\u0105\u017cka:<\/strong><a href=\"http:\/\/www.fabryka.pl\/ksiazki\/kiedy-spisz-alberto-marini-2955603\/\" target=\"_self\" rel=\"noopener\">\u00a0<\/a><\/span><\/span><a href=\"http:\/\/www.fabryka.pl\/ksiazki\/kiedy-spisz-alberto-marini-2955603\/\" target=\"_self\" rel=\"noopener\"><span style=\"color: #000000; font-family: Verdana, Arial, sans-serif;\"><span style=\"line-height: normal;\">Kiedy \u015bpisz &#8211;<\/span><\/span><span style=\"line-height: normal; color: #000000; font-family: Verdana, Arial, sans-serif;\">\u00a0Alberto Marini<\/span><\/a><\/p>\n<p style=\"text-align: justify;\"><span style=\"color: #000000; font-family: Verdana, Arial, sans-serif;\"><span style=\"line-height: normal;\"><strong>Ksi\u0105\u017cka:<\/strong><a href=\"http:\/\/www.fabryka.pl\/autor\/potter-alexandra-46968\/\" target=\"_self\" rel=\"noopener\">\u00a0<\/a><\/span><\/span><a href=\"http:\/\/www.fabryka.pl\/autor\/potter-alexandra-46968\/\" target=\"_self\" rel=\"noopener\"><span style=\"color: #000000; font-family: Verdana, Arial, sans-serif;\"><span style=\"line-height: normal;\">Jeste\u015b tym, kt\u00f3rego (nie) pragn\u0119 &#8211;<\/span><\/span><span style=\"line-height: normal; color: #000000; font-family: Verdana, Arial, sans-serif;\">\u00a0Alexandra Potter<\/span><\/a><\/p>\n<p style=\"text-align: justify;\"><span style=\"color: #000000; font-family: Verdana, Arial, sans-serif;\"><span style=\"line-height: normal;\"><br \/><\/span><\/span><\/p>\n<p style=\"text-align: justify;\"><strong><span style=\"color: #000000; font-family: Verdana, Arial, sans-serif;\"><span style=\"line-height: normal;\">Zestaw 2:<\/span><\/span><\/strong><\/p>\n<p style=\"text-align: justify;\"><strong><span style=\"color: #000000; font-family: Verdana, Arial, sans-serif;\"><span style=\"line-height: normal;\">bon o warto\u015bci 30 z\u0142<\/span><\/span><\/strong><\/p>\n<p><span style=\"color: #000000; font-family: Verdana, Arial, sans-serif;\"><span style=\"line-height: normal;\"><strong>Ksi\u0105\u017cka:<\/strong><a href=\"http:\/\/www.fabryka.pl\/ksiazki\/kiedy-spisz-alberto-marini-2955603\/\" target=\"_self\" rel=\"noopener\">\u00a0<\/a><\/span><\/span><a href=\"http:\/\/www.fabryka.pl\/ksiazki\/kiedy-spisz-alberto-marini-2955603\/\" target=\"_self\" rel=\"noopener\"><span style=\"color: #000000; font-family: Verdana, Arial, sans-serif;\"><span style=\"line-height: normal;\">Kiedy \u015bpisz &#8211;<\/span><\/span><span style=\"line-height: normal; color: #000000; font-family: Verdana, Arial, sans-serif;\">\u00a0Alberto Marini<\/span><\/a><\/p>\n<p><span style=\"color: #000000; font-family: Verdana, Arial, sans-serif;\"><span style=\"line-height: normal;\"><strong>Ksi\u0105\u017cka:<\/strong><a href=\"http:\/\/www.fabryka.pl\/autor\/potter-alexandra-46968\/\" target=\"_self\" rel=\"noopener\">\u00a0<\/a><\/span><\/span><a href=\"http:\/\/www.fabryka.pl\/autor\/potter-alexandra-46968\/\" target=\"_self\" rel=\"noopener\"><span style=\"color: #000000; font-family: Verdana, Arial, sans-serif;\"><span style=\"line-height: normal;\">Jeste\u015b tym, kt\u00f3rego (nie) pragn\u0119 &#8211;<\/span><\/span><span style=\"line-height: normal; color: #000000; font-family: Verdana, Arial, sans-serif;\">\u00a0Alexandra Potter<\/span><\/a><\/p>\n<p style=\"text-align: justify;\">\u00a0<\/p>\n<p style=\"text-align: center;\"><strong><span style=\"color: #000000; font-family: Verdana, Arial, sans-serif; line-height: normal;\">Pytania:<\/span><\/strong><\/p>\n<p style=\"text-align: center;\">\u00a0<\/p>\n<p style=\"text-align: center;\"><strong>1) Lucy i Nathaniela, bohater\u00f3w &#8222;Jeste\u015b tym, kt\u00f3rego (nie) pragn\u0119&#8221;, po\u0142\u0105czy\u0142 poca\u0142unek na pewnym mo\u015bcie. Jaki by\u0142 to most?<\/strong><\/p>\n<p style=\"text-align: center;\"><strong>2) Kto przet\u0142umaczy\u0142 na j\u0119zyk polski &#8222;Kiedy \u015bpisz&#8221;?<\/strong><\/p>\n<p style=\"text-align: center;\">\u00a0<\/p>\n<p style=\"text-align: center;\">\u00a0<\/p>\n<div style=\"text-align: justify;\"><strong style=\"color: #000000; font-family: Verdana, Arial, sans-serif; line-height: normal;\">Warunkiem uczestnictwa w konkursie jest polubienie fanpage&#8217;a sklepu Fabryka.pl &#8211;\u00a0<\/strong><a href=\"https:\/\/www.facebook.com\/Fabryka.pl.sklep\" style=\"color: #004894;\"><strong>TUTAJ<\/strong><\/a><span style=\"color: #000000; font-family: Verdana, Arial, sans-serif; line-height: normal;\">.<\/span><\/div>\n<div style=\"text-align: justify;\"><span style=\"color: #000000; font-family: Verdana, Arial, sans-serif; line-height: normal;\"><br \/><\/span><\/div>\n<div style=\"text-align: justify;\">\u00a0<\/div>\n<div style=\"text-align: justify;\"><strong>Odpowiedzi wysy\u0142ajcie na czytam.kupuje@gmail.com w tytule wpisuj\u0105c Konkurs z Fabryka.pl konkurs trwa do poniedzia\u0142ku (23 lipca) do godziny 15:00.<\/strong><\/div>\n<div style=\"text-align: justify;\"><strong><br \/><\/strong><\/div>\n<div style=\"text-align: justify;\"><strong>Aktualizacja!<\/strong><\/div>\n<div style=\"text-align: justify;\">\u00a0<\/div>\n<div style=\"text-align: justify;\">Zestaw pierwszy trafia do:\u00a0Magdalena Wo\u017aniak<\/div>\n<div style=\"text-align: justify;\">\u00a0<\/div>\n<div style=\"text-align: justify;\">Zestaw drugi trafia do:\u00a0Mateusz Migacz<\/div>\n<div style=\"text-align: justify;\">\u00a0<\/div>\n<div style=\"text-align: justify;\"><strong>Gratulujemy!<\/strong><\/div>\n<p>\u00a0<\/p>\n","protected":false},"excerpt":{"rendered":"<p>\u00a0 Wsp\u00f3lnie ze\u00a0sklepem internetowym Fabryka.pl\u00a0przygotowali\u015bmy dla Was konkurs, w kt\u00f3rym mo\u017cna wygra\u0107 zestawy nagr\u00f3d z\u0142o\u017cone z bon\u00f3w na zakupy oraz&#46;&#46;&#46;<\/p>\n","protected":false},"author":1,"featured_media":94,"comment_status":"open","ping_status":"open","sticky":false,"template":"","format":"standard","meta":{"footnotes":""},"categories":[3],"tags":[],"class_list":["post-98","post","type-post","status-publish","format-standard","has-post-thumbnail","hentry","category-konkursy"],"_links":{"self":[{"href":"https:\/\/czytam-kupuje.pl\/index.php\/wp-json\/wp\/v2\/posts\/98","targetHints":{"allow":["GET"]}}],"collection":[{"href":"https:\/\/czytam-kupuje.pl\/index.php\/wp-json\/wp\/v2\/posts"}],"about":[{"href":"https:\/\/czytam-kupuje.pl\/index.php\/wp-json\/wp\/v2\/types\/post"}],"author":[{"embeddable":true,"href":"https:\/\/czytam-kupuje.pl\/index.php\/wp-json\/wp\/v2\/users\/1"}],"replies":[{"embeddable":true,"href":"https:\/\/czytam-kupuje.pl\/index.php\/wp-json\/wp\/v2\/comments?post=98"}],"version-history":[{"count":0,"href":"https:\/\/czytam-kupuje.pl\/index.php\/wp-json\/wp\/v2\/posts\/98\/revisions"}],"wp:featuredmedia":[{"embeddable":true,"href":"https:\/\/czytam-kupuje.pl\/index.php\/wp-json\/"}],"wp:attachment":[{"href":"https:\/\/czytam-kupuje.pl\/index.php\/wp-json\/wp\/v2\/media?parent=98"}],"wp:term":[{"taxonomy":"category","embeddable":true,"href":"https:\/\/czytam-kupuje.pl\/index.php\/wp-json\/wp\/v2\/categories?post=98"},{"taxonomy":"post_tag","embeddable":true,"href":"https:\/\/czytam-kupuje.pl\/index.php\/wp-json\/wp\/v2\/tags?post=98"}],"curies":[{"name":"wp","href":"https:\/\/api.w.org\/{rel}","templated":true}]}}