{"id":131,"date":"2012-09-20T08:13:21","date_gmt":"2012-09-20T06:13:21","guid":{"rendered":"http:\/\/czytam-kupuje.yggdrasil.pl\/2012\/09\/20\/wygraj-ksiazke-jana-nowickiego\/"},"modified":"2012-09-20T08:13:21","modified_gmt":"2012-09-20T06:13:21","slug":"wygraj-ksiazke-jana-nowickiego","status":"publish","type":"post","link":"https:\/\/czytam-kupuje.pl\/index.php\/2012\/09\/20\/wygraj-ksiazke-jana-nowickiego\/","title":{"rendered":"Wygraj ksi\u0105\u017ck\u0119 Jana Nowickiego"},"content":{"rendered":"<p style=\"text-align: justify;\"><span style=\"text-align: justify;\">Wraz z\u00a0<a href=\"https:\/\/www.facebook.com\/Wydawnictwo.Bellona\" target=\"_blank\" rel=\"noopener\"><strong>wydawnictwem Bellona<\/strong><\/a>\u00a0przygotowali\u015bmy dla Was konkurs, w kt\u00f3rym do wygrania s\u0105\u00a0<strong>trzy egzemplarze ksi\u0105\u017cki\u00a0M\u0119\u017cczyzna i One autorstwa Jana Nowickiego.<\/strong><\/span><\/p>\n<p style=\"text-align: justify;\"><span style=\"text-align: justify;\">Wybitny polski aktor teatralny, filmowy i telewizyjny, pedagog postanowi\u0142 w swojej najnowszej ksi\u0105\u017cce podzieli\u0107 si\u0119 z czytelnikami swoimi refleksami, pomys\u0142ami i wiedz\u0105 o tym, na czym zna si\u0119 jak ma\u0142o kto &#8211; o kobietach. Kocha\u0142 je zawsze i kocha teraz, a i one odwzajemniaj\u0105, i to do entej pot\u0119gi, uczucie sympatii b\u0105d\u017a uwielbienia, oddania b\u0105d\u017a przyja\u017ani. Nadszed\u0142 wi\u0119c czas, aby nagromadzon\u0105 przez ca\u0142e \u017cycie wiedz\u0119 przela\u0107 na papier, po cz\u0119\u015bci z pomoc\u0105 Katarzyny Zimmerer, kt\u00f3ra pytaniami i komentarzami kieruje rozbiegane czasem my\u015bli Pana Jana ku pewnemu uporz\u0105dkowaniu.<\/span><\/p>\n<p style=\"text-align: justify;\">Tekst, mimo wielko\u015bci tematu, tryska humorem, ale humorem refleksyjnym, kt\u00f3ry sprawia czytelnikowi niew\u0105tpliw\u0105 satysfakcj\u0119. Ale oddajmy g\u0142os autorowi, kt\u00f3ry upowa\u017cni\u0142 wydawnictwo do zacytowania fragmentu pewnej wi\u0119kszej ca\u0142o\u015bci. Pisze w nim o diable, lecz&#8230; &#8222;Jestem w ka\u017cdym wieku &#8211; mi\u0142e Panie. Bywam na przemian stary i m\u0142ody. Dobry albo z\u0142y. Zupe\u0142nie jak Wy. Mog\u0119, je\u015bli zechc\u0119, by\u0107: ryb\u0105, ptakiem, kobiet\u0105, b\u0105d\u017a siekierk\u0105. Fruwam sobie &#8211; za pan brat &#8211; z wiatrem wywracaj\u0105cym okr\u0119ty. Razem ze s\u0142o\u0144cem wypalam trawy. Skryty w tykaniu \u015bciennego zegara odmierzam Wasz drogocenny czas. Jestem l\u0119kiem pozbawionym (w jakim\u015b sensie) sk\u00f3ry, krwi i ko\u015bci. Strachem, bez kt\u00f3rego niepodobna \u017cy\u0107. Ci\u0105gle czym\u015b zaj\u0119ty. Zamy\u015blony. Przewa\u017canie rozbawiony. Ale tak\u017ce smutny. Co wy by\u015bcie beze mnie zrobili? Bez mojej tolerancji, sk\u0142onno\u015bci do \u017cartu i prawdziwych wzrusze\u0144? Jestem &#8211; w gruncie rzeczy &#8211; przewodnikiem po \u015bcie\u017ckach piekielnej frajdy i zmys\u0142owej przyjemno\u015bci \u017cycia.&#8221;<\/p>\n<p>  <!--more-->  <\/p>\n<div style=\"text-align: justify;\">&#8222;Masz ten czar nienabyty, niewy\u0107wiczony i dla wi\u0119kszo\u015bci \u015bmiertelnik\u00f3w nieosi\u0105galny. Talent, kt\u00f3ry jest poza sztuk\u0105, poza aktorstwem i poza literatur\u0105. Na czym to dok\u0142adnie polega nie wie nikt, z grubsza polega to na tym, \u017ce ka\u017cdy kto si\u0119 z Tob\u0105 zetknie, chce z Tob\u0105 by\u0107, chce z Tob\u0105 obcowa\u0107, chce s\u0142ucha\u0107 tego co m\u00f3wisz i bez wzgl\u0119du na to czy kobiet\u0105 jest czy m\u0119\u017cczyzn\u0105 &#8211; chce mie\u0107 z tob\u0105 mi\u0142o\u015b\u0107. O sprawie duchowej teraz m\u00f3wi\u0119, nie o zewn\u0119trznych gestach.&#8221;<\/div>\n<p style=\"text-align: justify;\">Jerzy Pilch<\/p>\n<div style=\"text-align: justify;\">&#8222;Ta ksi\u0105\u017cka jest ksi\u0105\u017cka dla przeciwnik\u00f3w \u017cyciowej filozofii Jana Nowickiego. Dla tych, kt\u00f3rzy si\u0119 go boj\u0105 i nie lubi\u0105, bo ich wkurwia swym stanowczym \u015bwiatopogl\u0105dem lej\u0105cego na wszystko aktora prawie ze Skolimowa. [&#8230;] B\u0119d\u0105 zaskoczeni, \u017ce brawurowa biografia, wielki ha\u0142as i celna z\u0142o\u015bliwo\u015b\u0107 to cudowny mundur bojowy, kt\u00f3ry aktor zak\u0142ada, gdy idzie wadzi\u0107 si\u0119 z rzeczywisto\u015bci\u0105.&#8221;<\/div>\n<div style=\"text-align: justify;\">\u00a0<\/div>\n<div style=\"text-align: justify;\">Kuba Wojew\u00f3dzki<\/div>\n<div style=\"text-align: justify;\">\u00a0<\/div>\n<div style=\"text-align: justify;\">\u00a0<\/div>\n<p style=\"text-align: center;\"><strong>Aby wystartowa\u0107 w konkursie, musicie by\u0107 fanami\u00a0<a href=\"https:\/\/www.facebook.com\/Wydawnictwo.Bellona\" target=\"_blank\" rel=\"noopener\">Wydawnictwa Bellona na Facebooku<\/a>\u00a0oraz drog\u0105 mailow\u0105 nades\u0142a\u0107 poprawne odpowiedzi na pytania i mie\u0107 troch\u0119 szcz\u0119\u015bcia w losowaniu.<\/strong><\/p>\n<p style=\"text-align: center;\"><strong>Pytania:<\/strong><\/p>\n<div style=\"text-align: center;\">1. W latach 1998-2000 na \u0142amach pewnego pisma Jan Nowicki publikowa\u0142 felietony-listy. Jakie to by\u0142o pismo?<\/div>\n<div style=\"text-align: center;\">\u00a0<\/div>\n<div style=\"text-align: center;\">2. W jakiej miejscowo\u015bci urodzi\u0142 si\u0119 Jan Nowicki?<\/div>\n<p style=\"text-align: center;\">\u00a0<\/p>\n<p style=\"text-align: center;\">Na odpowiedzi czekamy do<strong> 4 pa\u017adziernika<\/strong> pod adresem\u00a0<a href=\"mailto:czytam.kupuje@gmail.com\"><strong>czytam.kupuje@gmail.com<\/strong><\/a><strong>\u00a0<\/strong>\u2013 w temacie maila wpisujcie <strong>Jan Nowicki.<\/strong><\/p>\n<p style=\"text-align: center;\"><strong><br \/><\/strong><\/p>\n<p style=\"text-align: center;\"><strong>Aktualizacja: nagroda w\u0119druje do:<\/strong><\/p>\n<p style=\"text-align: center;\">Jan Szych<\/p>\n<p style=\"text-align: center;\"><span style=\"color: #222222; font-family: arial, sans-serif; font-size: 13px;\"><span style=\"color: #222222; font-family: arial, sans-serif;\">Martyna Jankowska<\/span><\/span><\/p>\n<p style=\"text-align: center;\">\u00a0 Bogus\u0142aw Lachawiec\u00a0<\/p>\n","protected":false},"excerpt":{"rendered":"<p>Wraz z\u00a0wydawnictwem Bellona\u00a0przygotowali\u015bmy dla Was konkurs, w kt\u00f3rym do wygrania s\u0105\u00a0trzy egzemplarze ksi\u0105\u017cki\u00a0M\u0119\u017cczyzna i One autorstwa Jana Nowickiego. Wybitny polski&#46;&#46;&#46;<\/p>\n","protected":false},"author":1,"featured_media":130,"comment_status":"open","ping_status":"open","sticky":false,"template":"","format":"standard","meta":{"footnotes":""},"categories":[3],"tags":[],"class_list":["post-131","post","type-post","status-publish","format-standard","has-post-thumbnail","hentry","category-konkursy"],"_links":{"self":[{"href":"https:\/\/czytam-kupuje.pl\/index.php\/wp-json\/wp\/v2\/posts\/131","targetHints":{"allow":["GET"]}}],"collection":[{"href":"https:\/\/czytam-kupuje.pl\/index.php\/wp-json\/wp\/v2\/posts"}],"about":[{"href":"https:\/\/czytam-kupuje.pl\/index.php\/wp-json\/wp\/v2\/types\/post"}],"author":[{"embeddable":true,"href":"https:\/\/czytam-kupuje.pl\/index.php\/wp-json\/wp\/v2\/users\/1"}],"replies":[{"embeddable":true,"href":"https:\/\/czytam-kupuje.pl\/index.php\/wp-json\/wp\/v2\/comments?post=131"}],"version-history":[{"count":0,"href":"https:\/\/czytam-kupuje.pl\/index.php\/wp-json\/wp\/v2\/posts\/131\/revisions"}],"wp:featuredmedia":[{"embeddable":true,"href":"https:\/\/czytam-kupuje.pl\/index.php\/wp-json\/"}],"wp:attachment":[{"href":"https:\/\/czytam-kupuje.pl\/index.php\/wp-json\/wp\/v2\/media?parent=131"}],"wp:term":[{"taxonomy":"category","embeddable":true,"href":"https:\/\/czytam-kupuje.pl\/index.php\/wp-json\/wp\/v2\/categories?post=131"},{"taxonomy":"post_tag","embeddable":true,"href":"https:\/\/czytam-kupuje.pl\/index.php\/wp-json\/wp\/v2\/tags?post=131"}],"curies":[{"name":"wp","href":"https:\/\/api.w.org\/{rel}","templated":true}]}}