{"id":115,"date":"2012-08-21T09:36:43","date_gmt":"2012-08-21T07:36:43","guid":{"rendered":"http:\/\/czytam-kupuje.yggdrasil.pl\/2012\/08\/21\/wygraj-historie-brudu\/"},"modified":"2012-08-21T09:36:43","modified_gmt":"2012-08-21T07:36:43","slug":"wygraj-historie-brudu","status":"publish","type":"post","link":"https:\/\/czytam-kupuje.pl\/index.php\/2012\/08\/21\/wygraj-historie-brudu\/","title":{"rendered":"Wygraj Histori\u0119 brudu"},"content":{"rendered":"<p style=\"text-align: justify;\"><span>Wraz z\u00a0<\/span><a href=\"https:\/\/www.facebook.com\/Wydawnictwo.Bellona\" target=\"_blank\" rel=\"noopener\"><strong>wydawnictwem Bellona<\/strong><\/a><span>\u00a0przygotowali\u015bmy dla Was konkurs, w kt\u00f3rym do wygrania s\u0105\u00a0<\/span><strong>trzy egzemplarze ksi\u0105\u017cki Historia brudu!<\/strong><\/p>\n<p style=\"text-align: justify;\">Sk\u0105d si\u0119 wzi\u0119\u0142o myd\u0142o? Co naprawd\u0119 dzia\u0142o si\u0119 w \u0142a\u017aniach rzymskich? Kt\u00f3ra narodowo\u015b\u0107 czy\u015bci\u0142a z\u0119by uryn\u0105? Jak wygl\u0105da\u0142a poranna toaleta Ludwika XIV, Kr\u00f3la-S\u0142o\u0144ce?. Na te i inne pytania odpowiada w swej ksi\u0105\u017cce Katherine Ashenburg, tworz\u0105c jednocze\u015bnie wyj\u0105tkowy obraz ewolucji poj\u0119cia higieny od czas\u00f3w najdawniejszych po wiek XX.\u00a0<\/p>\n<p style=\"text-align: justify;\">Na przestrzeni epok zmienia\u0142y si\u0119 pogl\u0105dy na &#8222;brud&#8221; jako taki, co \u015bci\u015ble \u0142\u0105czy\u0142o si\u0119 z koncepcjami prywatno\u015bci, zdrowia i choroby, \u015bmierci, z pogl\u0105dami na religi\u0119 i seksualno\u015b\u0107, z koncepcjami dotycz\u0105cymi sensu \u017cycia. Instytucje pa\u0144stwowe, ko\u015bcielne, lekarze, pisarze, autorytety moralne r\u00f3\u017cnie podchodzili do dbania o czysto\u015b\u0107, raz gloryfikuj\u0105c, raz przeklinaj\u0105c ide\u0119 &#8222;mycia si\u0119&#8221;.\u00a0<\/p>\n<p style=\"text-align: justify;\">Dzieje brudu &#8211; a tak\u017ce jego zwalczania &#8211; stanowi\u0105 niezmiernie ciekaw\u0105 i fascynuj\u0105c\u0105 cz\u0119\u015b\u0107 naszej kultury i obyczaj\u00f3w.<\/p>\n<p>  <!--more-->  <\/p>\n<p>\u00a0<span style=\"text-align: justify;\">Aby wystartowa\u0107 w konkursie, musicie by\u0107 fanami\u00a0<\/span><a href=\"https:\/\/www.facebook.com\/Wydawnictwo.Bellona\" target=\"_blank\" style=\"text-align: justify;\" rel=\"noopener\"><strong>Wydawnictwa Bellona na Facebooku<\/strong><\/a><span style=\"text-align: justify;\">\u00a0oraz drog\u0105 mailow\u0105 nades\u0142a\u0107 poprawne odpowiedzi na pytania i mie\u0107 troch\u0119 szcz\u0119\u015bcia w losowaniu.<\/span><\/p>\n<p>\u00a0<\/p>\n<p style=\"text-align: center;\"><strong>Pytania:<\/strong><br \/>1.\u00a0W reklamie jakiego proszku pojawi\u0142 si\u0119 s\u0142ynny, zapo\u017cyczony z Sienkiewicza slogan &#8222;Ociec&#8230; pra\u0107?&#8221;?<\/p>\n<p style=\"text-align: center;\">2.\u00a0Przez jaki staro\u017cytny lud zosta\u0142o wynalezione myd\u0142o?<\/p>\n<p style=\"text-align: center;\">\u00a0<\/p>\n<p style=\"text-align: center;\">Na odpowiedzi czekamy do 1 wrze\u015bnia pod adresem\u00a0<a href=\"mailto:czytam.kupuje@gmail.com\"><strong>czytam.kupuje@gmail.com<\/strong><\/a>\u00a0\u2013 w temacie maila wpisujcie Historia brudu.<\/p>\n<p style=\"text-align: center;\">\u00a0<\/p>\n<p style=\"text-align: center;\"><strong>Aktualizacja &#8211; nagroda w\u0119druje do:<\/strong><\/p>\n<p style=\"text-align: center;\"><strong>S\u0142awomir Duda-Klimaszewski,\u00a0Andrzej Holubiuk, Alicja Farmuga<\/strong><\/p>\n","protected":false},"excerpt":{"rendered":"<p>Wraz z\u00a0wydawnictwem Bellona\u00a0przygotowali\u015bmy dla Was konkurs, w kt\u00f3rym do wygrania s\u0105\u00a0trzy egzemplarze ksi\u0105\u017cki Historia brudu! Sk\u0105d si\u0119 wzi\u0119\u0142o myd\u0142o? Co&#46;&#46;&#46;<\/p>\n","protected":false},"author":1,"featured_media":114,"comment_status":"open","ping_status":"open","sticky":false,"template":"","format":"standard","meta":{"footnotes":""},"categories":[3],"tags":[],"class_list":["post-115","post","type-post","status-publish","format-standard","has-post-thumbnail","hentry","category-konkursy"],"_links":{"self":[{"href":"https:\/\/czytam-kupuje.pl\/index.php\/wp-json\/wp\/v2\/posts\/115","targetHints":{"allow":["GET"]}}],"collection":[{"href":"https:\/\/czytam-kupuje.pl\/index.php\/wp-json\/wp\/v2\/posts"}],"about":[{"href":"https:\/\/czytam-kupuje.pl\/index.php\/wp-json\/wp\/v2\/types\/post"}],"author":[{"embeddable":true,"href":"https:\/\/czytam-kupuje.pl\/index.php\/wp-json\/wp\/v2\/users\/1"}],"replies":[{"embeddable":true,"href":"https:\/\/czytam-kupuje.pl\/index.php\/wp-json\/wp\/v2\/comments?post=115"}],"version-history":[{"count":0,"href":"https:\/\/czytam-kupuje.pl\/index.php\/wp-json\/wp\/v2\/posts\/115\/revisions"}],"wp:featuredmedia":[{"embeddable":true,"href":"https:\/\/czytam-kupuje.pl\/index.php\/wp-json\/"}],"wp:attachment":[{"href":"https:\/\/czytam-kupuje.pl\/index.php\/wp-json\/wp\/v2\/media?parent=115"}],"wp:term":[{"taxonomy":"category","embeddable":true,"href":"https:\/\/czytam-kupuje.pl\/index.php\/wp-json\/wp\/v2\/categories?post=115"},{"taxonomy":"post_tag","embeddable":true,"href":"https:\/\/czytam-kupuje.pl\/index.php\/wp-json\/wp\/v2\/tags?post=115"}],"curies":[{"name":"wp","href":"https:\/\/api.w.org\/{rel}","templated":true}]}}